{"id":106,"date":"2018-02-22T11:55:46","date_gmt":"2018-02-22T11:55:46","guid":{"rendered":"https:\/\/jaen.aisgan.org\/?p=106"},"modified":"2019-01-06T23:36:02","modified_gmt":"2019-01-06T23:36:02","slug":"nacimiento-fundador-y-dia-pensamiento-scout","status":"publish","type":"post","link":"https:\/\/jaen.aisgan.org\/?p=106","title":{"rendered":"Nacimiento Fundador y D\u00eda pensamiento Scout"},"content":{"rendered":"<p style=\"text-align: justify;\"><img loading=\"lazy\" decoding=\"async\" class=\"size-medium wp-image-107 alignleft\" style=\"background-color: transparent; color: #333333; font-family: &amp;quot; libre franklin&amp;quot;,&amp;quot;helvetica neue&amp;quot;,helvetica,arial,sans-serif; font-size: 16px; font-style: normal; font-variant: normal; font-weight: 400; height: 271px; letter-spacing: normal; max-width: 580px; orphans: 2; outline-color: #72777c; outline-style: solid; outline-width: 1px; text-align: left; text-decoration: none; text-indent: 0px; text-transform: none; -webkit-text-stroke-width: 0px; white-space: normal; width: 300px; word-spacing: 0px;\" src=\"https:\/\/jaen.aisgan.org\/wp-content\/uploads\/2018\/02\/f65b6b7c-27c3-43f0-8b2a-d3fe4d2d2897-300x271.jpg\" alt=\"\" width=\"300\" height=\"271\" \/><b><\/b><i><\/i><u><\/u><\/p>\n<p style=\"text-align: justify;\">Nacimiento del fundador y d\u00eda del pensamiento scout<br \/>\nEl 22 de febrero de cada a\u00f1o, las Gu\u00edas y los Scouts de todo el mundo celebran el D\u00eda Mundial del Pensamiento, en recuerdo de la fecha de nacimiento de Lord Baden-Powell, el fundador del Movimiento Scout y la de su esposa Lady Olave, la que fuera Jefa Gu\u00eda Mundial.<br \/>\nCasi 28 millones de personas en todo el mundo celebran esta jornada como una forma de aprender y reflexionar sobre su pertenencia a un movimiento que a\u00fana tantos <span class=\"text_exposed_show\">pa\u00edses y culturas diferentes, aportando su particular visi\u00f3n de lo que es el escultismo y reflexionando sobre su mensaje.<br \/>\nEn Espa\u00f1a, la Federaci\u00f3n de Asociaciones de Scouts de Espa\u00f1a cuenta con m\u00e1s de 30.000 asociados integrados en m\u00e1s de 350 grupos. Desde hace m\u00e1s de 100 a\u00f1os trabaja para formar a los j\u00f3venes en el tiempo libre gracias al compromiso de miles de voluntarios. Durante todo este tiempo ha desarrollado en sectores tan amplios e interrelacionados como la Educaci\u00f3n para la salud, la prevenci\u00f3n de drogodependencias, la integraci\u00f3n social, el Medio Ambiente, laEducaci\u00f3n en Valores, la Cooperaci\u00f3n para el desarrollo y la convivencia e integraci\u00f3n.<br \/>\n2013<br \/>\nEl Movimiento Scout, fundado en 1908 por Baden Powell en Inglaterra, se basa en un proyecto educativo dirigido a ni\u00f1os, ni\u00f1as y j\u00f3venes con el objetivo de promover su educaci\u00f3n integral y su implicaci\u00f3n social. Pretende potenciar la capacidad cr\u00edtica, el sentido de la libertad y la responsabilidad personal y colectiva, formando ciudadanos y ciudadanas comprometidos y coherentes.<\/span><\/p>\n","protected":false},"excerpt":{"rendered":"<p>Nacimiento del fundador y d\u00eda del pensamiento scout El 22 de febrero de cada a\u00f1o, las Gu\u00edas y los Scouts de todo el mundo celebran el D\u00eda Mundial del Pensamiento, en recuerdo de la fecha de nacimiento de Lord Baden-Powell, el fundador del Movimiento Scout y la de su esposa&#8230; <a class=\"continue-reading-link\" href=\"https:\/\/jaen.aisgan.org\/?p=106\">Leer m\u00e1s&#8230;<\/a><\/p>\n","protected":false},"author":2,"featured_media":107,"comment_status":"closed","ping_status":"closed","sticky":false,"template":"","format":"standard","meta":{"ngg_post_thumbnail":0,"footnotes":""},"categories":[10,8,1],"tags":[],"class_list":["post-106","post","type-post","status-publish","format-standard","has-post-thumbnail","hentry","category-aisg-jaen","category-cronicas","category-noticias"],"_links":{"self":[{"href":"https:\/\/jaen.aisgan.org\/index.php?rest_route=\/wp\/v2\/posts\/106","targetHints":{"allow":["GET"]}}],"collection":[{"href":"https:\/\/jaen.aisgan.org\/index.php?rest_route=\/wp\/v2\/posts"}],"about":[{"href":"https:\/\/jaen.aisgan.org\/index.php?rest_route=\/wp\/v2\/types\/post"}],"author":[{"embeddable":true,"href":"https:\/\/jaen.aisgan.org\/index.php?rest_route=\/wp\/v2\/users\/2"}],"replies":[{"embeddable":true,"href":"https:\/\/jaen.aisgan.org\/index.php?rest_route=%2Fwp%2Fv2%2Fcomments&post=106"}],"version-history":[{"count":5,"href":"https:\/\/jaen.aisgan.org\/index.php?rest_route=\/wp\/v2\/posts\/106\/revisions"}],"predecessor-version":[{"id":110,"href":"https:\/\/jaen.aisgan.org\/index.php?rest_route=\/wp\/v2\/posts\/106\/revisions\/110"}],"wp:featuredmedia":[{"embeddable":true,"href":"https:\/\/jaen.aisgan.org\/index.php?rest_route=\/wp\/v2\/media\/107"}],"wp:attachment":[{"href":"https:\/\/jaen.aisgan.org\/index.php?rest_route=%2Fwp%2Fv2%2Fmedia&parent=106"}],"wp:term":[{"taxonomy":"category","embeddable":true,"href":"https:\/\/jaen.aisgan.org\/index.php?rest_route=%2Fwp%2Fv2%2Fcategories&post=106"},{"taxonomy":"post_tag","embeddable":true,"href":"https:\/\/jaen.aisgan.org\/index.php?rest_route=%2Fwp%2Fv2%2Ftags&post=106"}],"curies":[{"name":"wp","href":"https:\/\/api.w.org\/{rel}","templated":true}]}}